{"id":2295,"date":"2019-07-16T10:42:27","date_gmt":"2019-07-16T08:42:27","guid":{"rendered":"https:\/\/ak2024.ntalk.dev\/the-european-union-court-of-justice-sided-with-austria-against-the-german-planned-motorway-toll\/"},"modified":"2021-10-13T16:00:44","modified_gmt":"2021-10-13T14:00:44","slug":"the-european-union-court-of-justice-sided-with-austria-against-the-german-planned-motorway-toll","status":"publish","type":"post","link":"https:\/\/ak2024.ntalk.dev\/en\/the-european-union-court-of-justice-sided-with-austria-against-the-german-planned-motorway-toll\/","title":{"rendered":"The European Union Court of Justice Sided with Austria Against the German Planned Motorway Toll"},"content":{"rendered":"<p>According to a recent decision of the Court of Justice of the European Union, the planned German motorway toll discriminates against drivers. The fee for the use of motorways combined with vehicle tax reliefs for drivers with cars registered in Germany was held to constitute indirect discrimination based upon nationality and violation of principles of free movement of services and goods. According to the Court, the financial burden would be borne only by drivers and owners of cars registered in other member states.<\/p>\n","protected":false},"excerpt":{"rendered":"<p>According to a recent decision of the Court of Justice of the European Union, the planned German motorway toll discriminates against drivers. The fee for the use of motorways combined with vehicle tax reliefs for drivers with cars registered in Germany was held to constitute indirect discrimination based upon nationality and violation of principles of [&hellip;]<\/p>\n","protected":false},"author":1,"featured_media":0,"comment_status":"open","ping_status":"closed","sticky":false,"template":"","format":"standard","meta":{"footnotes":""},"categories":[21],"tags":[],"pravni-oblast":[],"class_list":["post-2295","post","type-post","status-publish","format-standard","hentry","category-news"],"yoast_head":"<!-- This site is optimized with the Yoast SEO plugin v25.4 - https:\/\/yoast.com\/wordpress\/plugins\/seo\/ -->\n<title>The European Union Court of Justice Sided with Austria Against the German Planned Motorway Toll - Achour &amp; Partners<\/title>\n<meta name=\"robots\" content=\"noindex, follow, max-snippet:-1, max-image-preview:large, max-video-preview:-1\" \/>\n<meta property=\"og:locale\" content=\"en_US\" \/>\n<meta property=\"og:type\" content=\"article\" \/>\n<meta property=\"og:title\" content=\"The European Union Court of Justice Sided with Austria Against the German Planned Motorway Toll - Achour &amp; Partners\" \/>\n<meta property=\"og:description\" content=\"According to a recent decision of the Court of Justice of the European Union, the planned German motorway toll discriminates against drivers. The fee for the use of motorways combined with vehicle tax reliefs for drivers with cars registered in Germany was held to constitute indirect discrimination based upon nationality and violation of principles of [&hellip;]\" \/>\n<meta property=\"og:url\" content=\"https:\/\/ak2024.ntalk.dev\/en\/the-european-union-court-of-justice-sided-with-austria-against-the-german-planned-motorway-toll\/\" \/>\n<meta property=\"og:site_name\" content=\"Achour &amp; Partners\" \/>\n<meta property=\"article:published_time\" content=\"2019-07-16T08:42:27+00:00\" \/>\n<meta property=\"article:modified_time\" content=\"2021-10-13T14:00:44+00:00\" \/>\n<meta name=\"author\" content=\"netw@rm\" \/>\n<meta name=\"twitter:card\" content=\"summary_large_image\" \/>\n<meta name=\"twitter:label1\" content=\"Written by\" \/>\n\t<meta name=\"twitter:data1\" content=\"netw@rm\" \/>\n<script type=\"application\/ld+json\" class=\"yoast-schema-graph\">{\"@context\":\"https:\/\/schema.org\",\"@graph\":[{\"@type\":\"WebPage\",\"@id\":\"https:\/\/ak2024.ntalk.dev\/en\/the-european-union-court-of-justice-sided-with-austria-against-the-german-planned-motorway-toll\/\",\"url\":\"https:\/\/ak2024.ntalk.dev\/en\/the-european-union-court-of-justice-sided-with-austria-against-the-german-planned-motorway-toll\/\",\"name\":\"The European Union Court of Justice Sided with Austria Against the German Planned Motorway Toll - Achour &amp; Partners\",\"isPartOf\":{\"@id\":\"https:\/\/ak2024.ntalk.dev\/#website\"},\"datePublished\":\"2019-07-16T08:42:27+00:00\",\"dateModified\":\"2021-10-13T14:00:44+00:00\",\"author\":{\"@id\":\"https:\/\/ak2024.ntalk.dev\/#\/schema\/person\/b08b649f0d2663a26f13e57eb467fa2c\"},\"breadcrumb\":{\"@id\":\"https:\/\/ak2024.ntalk.dev\/en\/the-european-union-court-of-justice-sided-with-austria-against-the-german-planned-motorway-toll\/#breadcrumb\"},\"inLanguage\":\"en-US\",\"potentialAction\":[{\"@type\":\"ReadAction\",\"target\":[\"https:\/\/ak2024.ntalk.dev\/en\/the-european-union-court-of-justice-sided-with-austria-against-the-german-planned-motorway-toll\/\"]}]},{\"@type\":\"BreadcrumbList\",\"@id\":\"https:\/\/ak2024.ntalk.dev\/en\/the-european-union-court-of-justice-sided-with-austria-against-the-german-planned-motorway-toll\/#breadcrumb\",\"itemListElement\":[{\"@type\":\"ListItem\",\"position\":1,\"name\":\"Dom\u016f\",\"item\":\"https:\/\/ak2024.ntalk.dev\/\"},{\"@type\":\"ListItem\",\"position\":2,\"name\":\"Novinky\",\"item\":\"https:\/\/ak2024.ntalk.dev\/category\/novinky\/\"},{\"@type\":\"ListItem\",\"position\":3,\"name\":\"The European Union Court of Justice Sided with Austria Against the German Planned Motorway Toll\"}]},{\"@type\":\"WebSite\",\"@id\":\"https:\/\/ak2024.ntalk.dev\/#website\",\"url\":\"https:\/\/ak2024.ntalk.dev\/\",\"name\":\"Achour &amp; Partners\",\"description\":\"\u010desk\u00e1 advok\u00e1tn\u00ed kancel\u00e1\u0159\",\"potentialAction\":[{\"@type\":\"SearchAction\",\"target\":{\"@type\":\"EntryPoint\",\"urlTemplate\":\"https:\/\/ak2024.ntalk.dev\/?s={search_term_string}\"},\"query-input\":{\"@type\":\"PropertyValueSpecification\",\"valueRequired\":true,\"valueName\":\"search_term_string\"}}],\"inLanguage\":\"en-US\"},{\"@type\":\"Person\",\"@id\":\"https:\/\/ak2024.ntalk.dev\/#\/schema\/person\/b08b649f0d2663a26f13e57eb467fa2c\",\"name\":\"netw@rm\",\"image\":{\"@type\":\"ImageObject\",\"inLanguage\":\"en-US\",\"@id\":\"https:\/\/ak2024.ntalk.dev\/#\/schema\/person\/image\/\",\"url\":\"https:\/\/secure.gravatar.com\/avatar\/53522d2bc6371d894b542080b2f6be138f152b207be9697b37bdbb2b1d9446cd?s=96&d=mm&r=g\",\"contentUrl\":\"https:\/\/secure.gravatar.com\/avatar\/53522d2bc6371d894b542080b2f6be138f152b207be9697b37bdbb2b1d9446cd?s=96&d=mm&r=g\",\"caption\":\"netw@rm\"},\"sameAs\":[\"https:\/\/ak2024.ntalk.dev\"],\"url\":\"https:\/\/ak2024.ntalk.dev\/en\/author\/ntalk_ak2024\/\"}]}<\/script>\n<!-- \/ Yoast SEO plugin. -->","yoast_head_json":{"title":"The European Union Court of Justice Sided with Austria Against the German Planned Motorway Toll - Achour &amp; Partners","robots":{"index":"noindex","follow":"follow","max-snippet":"max-snippet:-1","max-image-preview":"max-image-preview:large","max-video-preview":"max-video-preview:-1"},"og_locale":"en_US","og_type":"article","og_title":"The European Union Court of Justice Sided with Austria Against the German Planned Motorway Toll - Achour &amp; Partners","og_description":"According to a recent decision of the Court of Justice of the European Union, the planned German motorway toll discriminates against drivers. The fee for the use of motorways combined with vehicle tax reliefs for drivers with cars registered in Germany was held to constitute indirect discrimination based upon nationality and violation of principles of [&hellip;]","og_url":"https:\/\/ak2024.ntalk.dev\/en\/the-european-union-court-of-justice-sided-with-austria-against-the-german-planned-motorway-toll\/","og_site_name":"Achour &amp; Partners","article_published_time":"2019-07-16T08:42:27+00:00","article_modified_time":"2021-10-13T14:00:44+00:00","author":"netw@rm","twitter_card":"summary_large_image","twitter_misc":{"Written by":"netw@rm"},"schema":{"@context":"https:\/\/schema.org","@graph":[{"@type":"WebPage","@id":"https:\/\/ak2024.ntalk.dev\/en\/the-european-union-court-of-justice-sided-with-austria-against-the-german-planned-motorway-toll\/","url":"https:\/\/ak2024.ntalk.dev\/en\/the-european-union-court-of-justice-sided-with-austria-against-the-german-planned-motorway-toll\/","name":"The European Union Court of Justice Sided with Austria Against the German Planned Motorway Toll - Achour &amp; Partners","isPartOf":{"@id":"https:\/\/ak2024.ntalk.dev\/#website"},"datePublished":"2019-07-16T08:42:27+00:00","dateModified":"2021-10-13T14:00:44+00:00","author":{"@id":"https:\/\/ak2024.ntalk.dev\/#\/schema\/person\/b08b649f0d2663a26f13e57eb467fa2c"},"breadcrumb":{"@id":"https:\/\/ak2024.ntalk.dev\/en\/the-european-union-court-of-justice-sided-with-austria-against-the-german-planned-motorway-toll\/#breadcrumb"},"inLanguage":"en-US","potentialAction":[{"@type":"ReadAction","target":["https:\/\/ak2024.ntalk.dev\/en\/the-european-union-court-of-justice-sided-with-austria-against-the-german-planned-motorway-toll\/"]}]},{"@type":"BreadcrumbList","@id":"https:\/\/ak2024.ntalk.dev\/en\/the-european-union-court-of-justice-sided-with-austria-against-the-german-planned-motorway-toll\/#breadcrumb","itemListElement":[{"@type":"ListItem","position":1,"name":"Dom\u016f","item":"https:\/\/ak2024.ntalk.dev\/"},{"@type":"ListItem","position":2,"name":"Novinky","item":"https:\/\/ak2024.ntalk.dev\/category\/novinky\/"},{"@type":"ListItem","position":3,"name":"The European Union Court of Justice Sided with Austria Against the German Planned Motorway Toll"}]},{"@type":"WebSite","@id":"https:\/\/ak2024.ntalk.dev\/#website","url":"https:\/\/ak2024.ntalk.dev\/","name":"Achour &amp; Partners","description":"\u010desk\u00e1 advok\u00e1tn\u00ed kancel\u00e1\u0159","potentialAction":[{"@type":"SearchAction","target":{"@type":"EntryPoint","urlTemplate":"https:\/\/ak2024.ntalk.dev\/?s={search_term_string}"},"query-input":{"@type":"PropertyValueSpecification","valueRequired":true,"valueName":"search_term_string"}}],"inLanguage":"en-US"},{"@type":"Person","@id":"https:\/\/ak2024.ntalk.dev\/#\/schema\/person\/b08b649f0d2663a26f13e57eb467fa2c","name":"netw@rm","image":{"@type":"ImageObject","inLanguage":"en-US","@id":"https:\/\/ak2024.ntalk.dev\/#\/schema\/person\/image\/","url":"https:\/\/secure.gravatar.com\/avatar\/53522d2bc6371d894b542080b2f6be138f152b207be9697b37bdbb2b1d9446cd?s=96&d=mm&r=g","contentUrl":"https:\/\/secure.gravatar.com\/avatar\/53522d2bc6371d894b542080b2f6be138f152b207be9697b37bdbb2b1d9446cd?s=96&d=mm&r=g","caption":"netw@rm"},"sameAs":["https:\/\/ak2024.ntalk.dev"],"url":"https:\/\/ak2024.ntalk.dev\/en\/author\/ntalk_ak2024\/"}]}},"_links":{"self":[{"href":"https:\/\/ak2024.ntalk.dev\/en\/wp-json\/wp\/v2\/posts\/2295","targetHints":{"allow":["GET"]}}],"collection":[{"href":"https:\/\/ak2024.ntalk.dev\/en\/wp-json\/wp\/v2\/posts"}],"about":[{"href":"https:\/\/ak2024.ntalk.dev\/en\/wp-json\/wp\/v2\/types\/post"}],"author":[{"embeddable":true,"href":"https:\/\/ak2024.ntalk.dev\/en\/wp-json\/wp\/v2\/users\/1"}],"replies":[{"embeddable":true,"href":"https:\/\/ak2024.ntalk.dev\/en\/wp-json\/wp\/v2\/comments?post=2295"}],"version-history":[{"count":1,"href":"https:\/\/ak2024.ntalk.dev\/en\/wp-json\/wp\/v2\/posts\/2295\/revisions"}],"predecessor-version":[{"id":2387,"href":"https:\/\/ak2024.ntalk.dev\/en\/wp-json\/wp\/v2\/posts\/2295\/revisions\/2387"}],"wp:attachment":[{"href":"https:\/\/ak2024.ntalk.dev\/en\/wp-json\/wp\/v2\/media?parent=2295"}],"wp:term":[{"taxonomy":"category","embeddable":true,"href":"https:\/\/ak2024.ntalk.dev\/en\/wp-json\/wp\/v2\/categories?post=2295"},{"taxonomy":"post_tag","embeddable":true,"href":"https:\/\/ak2024.ntalk.dev\/en\/wp-json\/wp\/v2\/tags?post=2295"},{"taxonomy":"pravni-oblast","embeddable":true,"href":"https:\/\/ak2024.ntalk.dev\/en\/wp-json\/wp\/v2\/pravni-oblast?post=2295"}],"curies":[{"name":"wp","href":"https:\/\/api.w.org\/{rel}","templated":true}]}}