{"id":2191,"date":"2017-03-19T21:55:34","date_gmt":"2017-03-19T20:55:34","guid":{"rendered":"https:\/\/ak2024.ntalk.dev\/andrea-schelleova-speaks-at-conference-on-monitoring-and-data-protection\/"},"modified":"2021-10-13T16:00:48","modified_gmt":"2021-10-13T14:00:48","slug":"andrea-schelleova-speaks-at-conference-on-monitoring-and-data-protection","status":"publish","type":"post","link":"https:\/\/ak2024.ntalk.dev\/en\/andrea-schelleova-speaks-at-conference-on-monitoring-and-data-protection\/","title":{"rendered":"Andrea Schelleova speaks at conference on monitoring and data protection"},"content":{"rendered":"<p>Associate Andrea Schelleova recently spoke at a conference titled &quot;Monitoring and the protection of data and personal details&quot;, whose main themes were laws on workplace monitoring and risks to the security of company data. The event focused on concerns around central data storage, company law compliance and data retention. Andrea presented a paper analysing issues surrounding the monitoring of employees under national legislation and current case law. The conference was hosted by the Institute for International Research GmbH, which was founded in the Czech Republic in 1996. In the short period of its existence, the Institute has become a leader in the further education of senior management in the Czech Republic.<\/p>\n","protected":false},"excerpt":{"rendered":"<p>Associate Andrea Schelleova recently spoke at a conference titled &quot;Monitoring and the protection of data and personal details&quot;, whose main themes were laws on workplace monitoring and risks to the security of company data. The event focused on concerns around central data storage, company law compliance and data retention. Andrea presented a paper analysing issues [&hellip;]<\/p>\n","protected":false},"author":1,"featured_media":0,"comment_status":"open","ping_status":"closed","sticky":false,"template":"","format":"standard","meta":{"footnotes":""},"categories":[21],"tags":[],"pravni-oblast":[],"class_list":["post-2191","post","type-post","status-publish","format-standard","hentry","category-news"],"yoast_head":"<!-- This site is optimized with the Yoast SEO plugin v25.4 - https:\/\/yoast.com\/wordpress\/plugins\/seo\/ -->\n<title>Andrea Schelleova speaks at conference on monitoring and data protection - Achour &amp; Partners<\/title>\n<meta name=\"robots\" content=\"noindex, follow, max-snippet:-1, max-image-preview:large, max-video-preview:-1\" \/>\n<meta property=\"og:locale\" content=\"en_US\" \/>\n<meta property=\"og:type\" content=\"article\" \/>\n<meta property=\"og:title\" content=\"Andrea Schelleova speaks at conference on monitoring and data protection - Achour &amp; Partners\" \/>\n<meta property=\"og:description\" content=\"Associate Andrea Schelleova recently spoke at a conference titled &quot;Monitoring and the protection of data and personal details&quot;, whose main themes were laws on workplace monitoring and risks to the security of company data. The event focused on concerns around central data storage, company law compliance and data retention. Andrea presented a paper analysing issues [&hellip;]\" \/>\n<meta property=\"og:url\" content=\"https:\/\/ak2024.ntalk.dev\/en\/andrea-schelleova-speaks-at-conference-on-monitoring-and-data-protection\/\" \/>\n<meta property=\"og:site_name\" content=\"Achour &amp; Partners\" \/>\n<meta property=\"article:published_time\" content=\"2017-03-19T20:55:34+00:00\" \/>\n<meta property=\"article:modified_time\" content=\"2021-10-13T14:00:48+00:00\" \/>\n<meta name=\"author\" content=\"netw@rm\" \/>\n<meta name=\"twitter:card\" content=\"summary_large_image\" \/>\n<meta name=\"twitter:label1\" content=\"Written by\" \/>\n\t<meta name=\"twitter:data1\" content=\"netw@rm\" \/>\n\t<meta name=\"twitter:label2\" content=\"Est. reading time\" \/>\n\t<meta name=\"twitter:data2\" content=\"1 minute\" \/>\n<script type=\"application\/ld+json\" class=\"yoast-schema-graph\">{\"@context\":\"https:\/\/schema.org\",\"@graph\":[{\"@type\":\"WebPage\",\"@id\":\"https:\/\/ak2024.ntalk.dev\/en\/andrea-schelleova-speaks-at-conference-on-monitoring-and-data-protection\/\",\"url\":\"https:\/\/ak2024.ntalk.dev\/en\/andrea-schelleova-speaks-at-conference-on-monitoring-and-data-protection\/\",\"name\":\"Andrea Schelleova speaks at conference on monitoring and data protection - Achour &amp; Partners\",\"isPartOf\":{\"@id\":\"https:\/\/ak2024.ntalk.dev\/#website\"},\"datePublished\":\"2017-03-19T20:55:34+00:00\",\"dateModified\":\"2021-10-13T14:00:48+00:00\",\"author\":{\"@id\":\"https:\/\/ak2024.ntalk.dev\/#\/schema\/person\/b08b649f0d2663a26f13e57eb467fa2c\"},\"breadcrumb\":{\"@id\":\"https:\/\/ak2024.ntalk.dev\/en\/andrea-schelleova-speaks-at-conference-on-monitoring-and-data-protection\/#breadcrumb\"},\"inLanguage\":\"en-US\",\"potentialAction\":[{\"@type\":\"ReadAction\",\"target\":[\"https:\/\/ak2024.ntalk.dev\/en\/andrea-schelleova-speaks-at-conference-on-monitoring-and-data-protection\/\"]}]},{\"@type\":\"BreadcrumbList\",\"@id\":\"https:\/\/ak2024.ntalk.dev\/en\/andrea-schelleova-speaks-at-conference-on-monitoring-and-data-protection\/#breadcrumb\",\"itemListElement\":[{\"@type\":\"ListItem\",\"position\":1,\"name\":\"Dom\u016f\",\"item\":\"https:\/\/ak2024.ntalk.dev\/\"},{\"@type\":\"ListItem\",\"position\":2,\"name\":\"Novinky\",\"item\":\"https:\/\/ak2024.ntalk.dev\/category\/novinky\/\"},{\"@type\":\"ListItem\",\"position\":3,\"name\":\"Andrea Schelleova speaks at conference on monitoring and data protection\"}]},{\"@type\":\"WebSite\",\"@id\":\"https:\/\/ak2024.ntalk.dev\/#website\",\"url\":\"https:\/\/ak2024.ntalk.dev\/\",\"name\":\"Achour &amp; Partners\",\"description\":\"\u010desk\u00e1 advok\u00e1tn\u00ed kancel\u00e1\u0159\",\"potentialAction\":[{\"@type\":\"SearchAction\",\"target\":{\"@type\":\"EntryPoint\",\"urlTemplate\":\"https:\/\/ak2024.ntalk.dev\/?s={search_term_string}\"},\"query-input\":{\"@type\":\"PropertyValueSpecification\",\"valueRequired\":true,\"valueName\":\"search_term_string\"}}],\"inLanguage\":\"en-US\"},{\"@type\":\"Person\",\"@id\":\"https:\/\/ak2024.ntalk.dev\/#\/schema\/person\/b08b649f0d2663a26f13e57eb467fa2c\",\"name\":\"netw@rm\",\"image\":{\"@type\":\"ImageObject\",\"inLanguage\":\"en-US\",\"@id\":\"https:\/\/ak2024.ntalk.dev\/#\/schema\/person\/image\/\",\"url\":\"https:\/\/secure.gravatar.com\/avatar\/53522d2bc6371d894b542080b2f6be138f152b207be9697b37bdbb2b1d9446cd?s=96&d=mm&r=g\",\"contentUrl\":\"https:\/\/secure.gravatar.com\/avatar\/53522d2bc6371d894b542080b2f6be138f152b207be9697b37bdbb2b1d9446cd?s=96&d=mm&r=g\",\"caption\":\"netw@rm\"},\"sameAs\":[\"https:\/\/ak2024.ntalk.dev\"],\"url\":\"https:\/\/ak2024.ntalk.dev\/en\/author\/ntalk_ak2024\/\"}]}<\/script>\n<!-- \/ Yoast SEO plugin. -->","yoast_head_json":{"title":"Andrea Schelleova speaks at conference on monitoring and data protection - Achour &amp; Partners","robots":{"index":"noindex","follow":"follow","max-snippet":"max-snippet:-1","max-image-preview":"max-image-preview:large","max-video-preview":"max-video-preview:-1"},"og_locale":"en_US","og_type":"article","og_title":"Andrea Schelleova speaks at conference on monitoring and data protection - Achour &amp; Partners","og_description":"Associate Andrea Schelleova recently spoke at a conference titled &quot;Monitoring and the protection of data and personal details&quot;, whose main themes were laws on workplace monitoring and risks to the security of company data. The event focused on concerns around central data storage, company law compliance and data retention. Andrea presented a paper analysing issues [&hellip;]","og_url":"https:\/\/ak2024.ntalk.dev\/en\/andrea-schelleova-speaks-at-conference-on-monitoring-and-data-protection\/","og_site_name":"Achour &amp; Partners","article_published_time":"2017-03-19T20:55:34+00:00","article_modified_time":"2021-10-13T14:00:48+00:00","author":"netw@rm","twitter_card":"summary_large_image","twitter_misc":{"Written by":"netw@rm","Est. reading time":"1 minute"},"schema":{"@context":"https:\/\/schema.org","@graph":[{"@type":"WebPage","@id":"https:\/\/ak2024.ntalk.dev\/en\/andrea-schelleova-speaks-at-conference-on-monitoring-and-data-protection\/","url":"https:\/\/ak2024.ntalk.dev\/en\/andrea-schelleova-speaks-at-conference-on-monitoring-and-data-protection\/","name":"Andrea Schelleova speaks at conference on monitoring and data protection - Achour &amp; Partners","isPartOf":{"@id":"https:\/\/ak2024.ntalk.dev\/#website"},"datePublished":"2017-03-19T20:55:34+00:00","dateModified":"2021-10-13T14:00:48+00:00","author":{"@id":"https:\/\/ak2024.ntalk.dev\/#\/schema\/person\/b08b649f0d2663a26f13e57eb467fa2c"},"breadcrumb":{"@id":"https:\/\/ak2024.ntalk.dev\/en\/andrea-schelleova-speaks-at-conference-on-monitoring-and-data-protection\/#breadcrumb"},"inLanguage":"en-US","potentialAction":[{"@type":"ReadAction","target":["https:\/\/ak2024.ntalk.dev\/en\/andrea-schelleova-speaks-at-conference-on-monitoring-and-data-protection\/"]}]},{"@type":"BreadcrumbList","@id":"https:\/\/ak2024.ntalk.dev\/en\/andrea-schelleova-speaks-at-conference-on-monitoring-and-data-protection\/#breadcrumb","itemListElement":[{"@type":"ListItem","position":1,"name":"Dom\u016f","item":"https:\/\/ak2024.ntalk.dev\/"},{"@type":"ListItem","position":2,"name":"Novinky","item":"https:\/\/ak2024.ntalk.dev\/category\/novinky\/"},{"@type":"ListItem","position":3,"name":"Andrea Schelleova speaks at conference on monitoring and data protection"}]},{"@type":"WebSite","@id":"https:\/\/ak2024.ntalk.dev\/#website","url":"https:\/\/ak2024.ntalk.dev\/","name":"Achour &amp; Partners","description":"\u010desk\u00e1 advok\u00e1tn\u00ed kancel\u00e1\u0159","potentialAction":[{"@type":"SearchAction","target":{"@type":"EntryPoint","urlTemplate":"https:\/\/ak2024.ntalk.dev\/?s={search_term_string}"},"query-input":{"@type":"PropertyValueSpecification","valueRequired":true,"valueName":"search_term_string"}}],"inLanguage":"en-US"},{"@type":"Person","@id":"https:\/\/ak2024.ntalk.dev\/#\/schema\/person\/b08b649f0d2663a26f13e57eb467fa2c","name":"netw@rm","image":{"@type":"ImageObject","inLanguage":"en-US","@id":"https:\/\/ak2024.ntalk.dev\/#\/schema\/person\/image\/","url":"https:\/\/secure.gravatar.com\/avatar\/53522d2bc6371d894b542080b2f6be138f152b207be9697b37bdbb2b1d9446cd?s=96&d=mm&r=g","contentUrl":"https:\/\/secure.gravatar.com\/avatar\/53522d2bc6371d894b542080b2f6be138f152b207be9697b37bdbb2b1d9446cd?s=96&d=mm&r=g","caption":"netw@rm"},"sameAs":["https:\/\/ak2024.ntalk.dev"],"url":"https:\/\/ak2024.ntalk.dev\/en\/author\/ntalk_ak2024\/"}]}},"_links":{"self":[{"href":"https:\/\/ak2024.ntalk.dev\/en\/wp-json\/wp\/v2\/posts\/2191","targetHints":{"allow":["GET"]}}],"collection":[{"href":"https:\/\/ak2024.ntalk.dev\/en\/wp-json\/wp\/v2\/posts"}],"about":[{"href":"https:\/\/ak2024.ntalk.dev\/en\/wp-json\/wp\/v2\/types\/post"}],"author":[{"embeddable":true,"href":"https:\/\/ak2024.ntalk.dev\/en\/wp-json\/wp\/v2\/users\/1"}],"replies":[{"embeddable":true,"href":"https:\/\/ak2024.ntalk.dev\/en\/wp-json\/wp\/v2\/comments?post=2191"}],"version-history":[{"count":1,"href":"https:\/\/ak2024.ntalk.dev\/en\/wp-json\/wp\/v2\/posts\/2191\/revisions"}],"predecessor-version":[{"id":2491,"href":"https:\/\/ak2024.ntalk.dev\/en\/wp-json\/wp\/v2\/posts\/2191\/revisions\/2491"}],"wp:attachment":[{"href":"https:\/\/ak2024.ntalk.dev\/en\/wp-json\/wp\/v2\/media?parent=2191"}],"wp:term":[{"taxonomy":"category","embeddable":true,"href":"https:\/\/ak2024.ntalk.dev\/en\/wp-json\/wp\/v2\/categories?post=2191"},{"taxonomy":"post_tag","embeddable":true,"href":"https:\/\/ak2024.ntalk.dev\/en\/wp-json\/wp\/v2\/tags?post=2191"},{"taxonomy":"pravni-oblast","embeddable":true,"href":"https:\/\/ak2024.ntalk.dev\/en\/wp-json\/wp\/v2\/pravni-oblast?post=2191"}],"curies":[{"name":"wp","href":"https:\/\/api.w.org\/{rel}","templated":true}]}}