{"id":2185,"date":"2017-03-19T21:51:42","date_gmt":"2017-03-19T20:51:42","guid":{"rendered":"https:\/\/ak2024.ntalk.dev\/ministry-of-regional-development-announces-technical-amendment-before-the-new-public-procurement-act\/"},"modified":"2021-10-13T16:00:48","modified_gmt":"2021-10-13T14:00:48","slug":"ministry-of-regional-development-announces-technical-amendment-before-the-new-public-procurement-act","status":"publish","type":"post","link":"https:\/\/ak2024.ntalk.dev\/en\/ministry-of-regional-development-announces-technical-amendment-before-the-new-public-procurement-act\/","title":{"rendered":"Ministry of Regional Development announces technical amendment before the new Public Procurement Act"},"content":{"rendered":"<p>Czech Minister for Regional Development V\u011bra Jourov&aacute; has said a technical amendment to the current Act on Public Procurement should take effect from 1 January 2015. The amendment will precede the adoption of the new Public Procurement Act, which is expected to come into force by 1 January 2016. The purpose of that new statute is&nbsp;to implement recently adopted European directives. In contrast, the technical amendment seeks to clarify the definition of&nbsp;&ldquo;additional work&rdquo;&nbsp;along with conditions for submissions to the Office for the Protection of Competition. This should help prevent obstructive filings. The Ministry for Regional Development is also considering including an option in the amendment to complete tender proceedings in cases where only one bid has been received. Other proposed content could refine the use of the so-called in-house exception, which allows contracting authorities to procure from suppliers that they established themselves. The new Act on Public Procurement will focus on the selection of suppliers based on quality and benefits criteria that reflect environmental and social concerns.<\/p>\n","protected":false},"excerpt":{"rendered":"<p>Czech Minister for Regional Development V\u011bra Jourov&aacute; has said a technical amendment to the current Act on Public Procurement should take effect from 1 January 2015. The amendment will precede the adoption of the new Public Procurement Act, which is expected to come into force by 1 January 2016. The purpose of that new statute [&hellip;]<\/p>\n","protected":false},"author":1,"featured_media":0,"comment_status":"open","ping_status":"closed","sticky":false,"template":"","format":"standard","meta":{"footnotes":""},"categories":[21],"tags":[],"pravni-oblast":[],"class_list":["post-2185","post","type-post","status-publish","format-standard","hentry","category-news"],"yoast_head":"<!-- This site is optimized with the Yoast SEO plugin v25.4 - https:\/\/yoast.com\/wordpress\/plugins\/seo\/ -->\n<title>Ministry of Regional Development announces technical amendment before the new Public Procurement Act - Achour &amp; Partners<\/title>\n<meta name=\"robots\" content=\"noindex, follow, max-snippet:-1, max-image-preview:large, max-video-preview:-1\" \/>\n<meta property=\"og:locale\" content=\"en_US\" \/>\n<meta property=\"og:type\" content=\"article\" \/>\n<meta property=\"og:title\" content=\"Ministry of Regional Development announces technical amendment before the new Public Procurement Act - Achour &amp; Partners\" \/>\n<meta property=\"og:description\" content=\"Czech Minister for Regional Development V\u011bra Jourov&aacute; has said a technical amendment to the current Act on Public Procurement should take effect from 1 January 2015. The amendment will precede the adoption of the new Public Procurement Act, which is expected to come into force by 1 January 2016. The purpose of that new statute [&hellip;]\" \/>\n<meta property=\"og:url\" content=\"https:\/\/ak2024.ntalk.dev\/en\/ministry-of-regional-development-announces-technical-amendment-before-the-new-public-procurement-act\/\" \/>\n<meta property=\"og:site_name\" content=\"Achour &amp; Partners\" \/>\n<meta property=\"article:published_time\" content=\"2017-03-19T20:51:42+00:00\" \/>\n<meta property=\"article:modified_time\" content=\"2021-10-13T14:00:48+00:00\" \/>\n<meta name=\"author\" content=\"netw@rm\" \/>\n<meta name=\"twitter:card\" content=\"summary_large_image\" \/>\n<meta name=\"twitter:label1\" content=\"Written by\" \/>\n\t<meta name=\"twitter:data1\" content=\"netw@rm\" \/>\n\t<meta name=\"twitter:label2\" content=\"Est. reading time\" \/>\n\t<meta name=\"twitter:data2\" content=\"1 minute\" \/>\n<script type=\"application\/ld+json\" class=\"yoast-schema-graph\">{\"@context\":\"https:\/\/schema.org\",\"@graph\":[{\"@type\":\"WebPage\",\"@id\":\"https:\/\/ak2024.ntalk.dev\/en\/ministry-of-regional-development-announces-technical-amendment-before-the-new-public-procurement-act\/\",\"url\":\"https:\/\/ak2024.ntalk.dev\/en\/ministry-of-regional-development-announces-technical-amendment-before-the-new-public-procurement-act\/\",\"name\":\"Ministry of Regional Development announces technical amendment before the new Public Procurement Act - Achour &amp; Partners\",\"isPartOf\":{\"@id\":\"https:\/\/ak2024.ntalk.dev\/#website\"},\"datePublished\":\"2017-03-19T20:51:42+00:00\",\"dateModified\":\"2021-10-13T14:00:48+00:00\",\"author\":{\"@id\":\"https:\/\/ak2024.ntalk.dev\/#\/schema\/person\/b08b649f0d2663a26f13e57eb467fa2c\"},\"breadcrumb\":{\"@id\":\"https:\/\/ak2024.ntalk.dev\/en\/ministry-of-regional-development-announces-technical-amendment-before-the-new-public-procurement-act\/#breadcrumb\"},\"inLanguage\":\"en-US\",\"potentialAction\":[{\"@type\":\"ReadAction\",\"target\":[\"https:\/\/ak2024.ntalk.dev\/en\/ministry-of-regional-development-announces-technical-amendment-before-the-new-public-procurement-act\/\"]}]},{\"@type\":\"BreadcrumbList\",\"@id\":\"https:\/\/ak2024.ntalk.dev\/en\/ministry-of-regional-development-announces-technical-amendment-before-the-new-public-procurement-act\/#breadcrumb\",\"itemListElement\":[{\"@type\":\"ListItem\",\"position\":1,\"name\":\"Dom\u016f\",\"item\":\"https:\/\/ak2024.ntalk.dev\/\"},{\"@type\":\"ListItem\",\"position\":2,\"name\":\"Novinky\",\"item\":\"https:\/\/ak2024.ntalk.dev\/category\/novinky\/\"},{\"@type\":\"ListItem\",\"position\":3,\"name\":\"Ministry of Regional Development announces technical amendment before the new Public Procurement Act\"}]},{\"@type\":\"WebSite\",\"@id\":\"https:\/\/ak2024.ntalk.dev\/#website\",\"url\":\"https:\/\/ak2024.ntalk.dev\/\",\"name\":\"Achour &amp; Partners\",\"description\":\"\u010desk\u00e1 advok\u00e1tn\u00ed kancel\u00e1\u0159\",\"potentialAction\":[{\"@type\":\"SearchAction\",\"target\":{\"@type\":\"EntryPoint\",\"urlTemplate\":\"https:\/\/ak2024.ntalk.dev\/?s={search_term_string}\"},\"query-input\":{\"@type\":\"PropertyValueSpecification\",\"valueRequired\":true,\"valueName\":\"search_term_string\"}}],\"inLanguage\":\"en-US\"},{\"@type\":\"Person\",\"@id\":\"https:\/\/ak2024.ntalk.dev\/#\/schema\/person\/b08b649f0d2663a26f13e57eb467fa2c\",\"name\":\"netw@rm\",\"image\":{\"@type\":\"ImageObject\",\"inLanguage\":\"en-US\",\"@id\":\"https:\/\/ak2024.ntalk.dev\/#\/schema\/person\/image\/\",\"url\":\"https:\/\/secure.gravatar.com\/avatar\/53522d2bc6371d894b542080b2f6be138f152b207be9697b37bdbb2b1d9446cd?s=96&d=mm&r=g\",\"contentUrl\":\"https:\/\/secure.gravatar.com\/avatar\/53522d2bc6371d894b542080b2f6be138f152b207be9697b37bdbb2b1d9446cd?s=96&d=mm&r=g\",\"caption\":\"netw@rm\"},\"sameAs\":[\"https:\/\/ak2024.ntalk.dev\"],\"url\":\"https:\/\/ak2024.ntalk.dev\/en\/author\/ntalk_ak2024\/\"}]}<\/script>\n<!-- \/ Yoast SEO plugin. -->","yoast_head_json":{"title":"Ministry of Regional Development announces technical amendment before the new Public Procurement Act - Achour &amp; Partners","robots":{"index":"noindex","follow":"follow","max-snippet":"max-snippet:-1","max-image-preview":"max-image-preview:large","max-video-preview":"max-video-preview:-1"},"og_locale":"en_US","og_type":"article","og_title":"Ministry of Regional Development announces technical amendment before the new Public Procurement Act - Achour &amp; Partners","og_description":"Czech Minister for Regional Development V\u011bra Jourov&aacute; has said a technical amendment to the current Act on Public Procurement should take effect from 1 January 2015. The amendment will precede the adoption of the new Public Procurement Act, which is expected to come into force by 1 January 2016. The purpose of that new statute [&hellip;]","og_url":"https:\/\/ak2024.ntalk.dev\/en\/ministry-of-regional-development-announces-technical-amendment-before-the-new-public-procurement-act\/","og_site_name":"Achour &amp; Partners","article_published_time":"2017-03-19T20:51:42+00:00","article_modified_time":"2021-10-13T14:00:48+00:00","author":"netw@rm","twitter_card":"summary_large_image","twitter_misc":{"Written by":"netw@rm","Est. reading time":"1 minute"},"schema":{"@context":"https:\/\/schema.org","@graph":[{"@type":"WebPage","@id":"https:\/\/ak2024.ntalk.dev\/en\/ministry-of-regional-development-announces-technical-amendment-before-the-new-public-procurement-act\/","url":"https:\/\/ak2024.ntalk.dev\/en\/ministry-of-regional-development-announces-technical-amendment-before-the-new-public-procurement-act\/","name":"Ministry of Regional Development announces technical amendment before the new Public Procurement Act - Achour &amp; Partners","isPartOf":{"@id":"https:\/\/ak2024.ntalk.dev\/#website"},"datePublished":"2017-03-19T20:51:42+00:00","dateModified":"2021-10-13T14:00:48+00:00","author":{"@id":"https:\/\/ak2024.ntalk.dev\/#\/schema\/person\/b08b649f0d2663a26f13e57eb467fa2c"},"breadcrumb":{"@id":"https:\/\/ak2024.ntalk.dev\/en\/ministry-of-regional-development-announces-technical-amendment-before-the-new-public-procurement-act\/#breadcrumb"},"inLanguage":"en-US","potentialAction":[{"@type":"ReadAction","target":["https:\/\/ak2024.ntalk.dev\/en\/ministry-of-regional-development-announces-technical-amendment-before-the-new-public-procurement-act\/"]}]},{"@type":"BreadcrumbList","@id":"https:\/\/ak2024.ntalk.dev\/en\/ministry-of-regional-development-announces-technical-amendment-before-the-new-public-procurement-act\/#breadcrumb","itemListElement":[{"@type":"ListItem","position":1,"name":"Dom\u016f","item":"https:\/\/ak2024.ntalk.dev\/"},{"@type":"ListItem","position":2,"name":"Novinky","item":"https:\/\/ak2024.ntalk.dev\/category\/novinky\/"},{"@type":"ListItem","position":3,"name":"Ministry of Regional Development announces technical amendment before the new Public Procurement Act"}]},{"@type":"WebSite","@id":"https:\/\/ak2024.ntalk.dev\/#website","url":"https:\/\/ak2024.ntalk.dev\/","name":"Achour &amp; Partners","description":"\u010desk\u00e1 advok\u00e1tn\u00ed kancel\u00e1\u0159","potentialAction":[{"@type":"SearchAction","target":{"@type":"EntryPoint","urlTemplate":"https:\/\/ak2024.ntalk.dev\/?s={search_term_string}"},"query-input":{"@type":"PropertyValueSpecification","valueRequired":true,"valueName":"search_term_string"}}],"inLanguage":"en-US"},{"@type":"Person","@id":"https:\/\/ak2024.ntalk.dev\/#\/schema\/person\/b08b649f0d2663a26f13e57eb467fa2c","name":"netw@rm","image":{"@type":"ImageObject","inLanguage":"en-US","@id":"https:\/\/ak2024.ntalk.dev\/#\/schema\/person\/image\/","url":"https:\/\/secure.gravatar.com\/avatar\/53522d2bc6371d894b542080b2f6be138f152b207be9697b37bdbb2b1d9446cd?s=96&d=mm&r=g","contentUrl":"https:\/\/secure.gravatar.com\/avatar\/53522d2bc6371d894b542080b2f6be138f152b207be9697b37bdbb2b1d9446cd?s=96&d=mm&r=g","caption":"netw@rm"},"sameAs":["https:\/\/ak2024.ntalk.dev"],"url":"https:\/\/ak2024.ntalk.dev\/en\/author\/ntalk_ak2024\/"}]}},"_links":{"self":[{"href":"https:\/\/ak2024.ntalk.dev\/en\/wp-json\/wp\/v2\/posts\/2185","targetHints":{"allow":["GET"]}}],"collection":[{"href":"https:\/\/ak2024.ntalk.dev\/en\/wp-json\/wp\/v2\/posts"}],"about":[{"href":"https:\/\/ak2024.ntalk.dev\/en\/wp-json\/wp\/v2\/types\/post"}],"author":[{"embeddable":true,"href":"https:\/\/ak2024.ntalk.dev\/en\/wp-json\/wp\/v2\/users\/1"}],"replies":[{"embeddable":true,"href":"https:\/\/ak2024.ntalk.dev\/en\/wp-json\/wp\/v2\/comments?post=2185"}],"version-history":[{"count":1,"href":"https:\/\/ak2024.ntalk.dev\/en\/wp-json\/wp\/v2\/posts\/2185\/revisions"}],"predecessor-version":[{"id":2497,"href":"https:\/\/ak2024.ntalk.dev\/en\/wp-json\/wp\/v2\/posts\/2185\/revisions\/2497"}],"wp:attachment":[{"href":"https:\/\/ak2024.ntalk.dev\/en\/wp-json\/wp\/v2\/media?parent=2185"}],"wp:term":[{"taxonomy":"category","embeddable":true,"href":"https:\/\/ak2024.ntalk.dev\/en\/wp-json\/wp\/v2\/categories?post=2185"},{"taxonomy":"post_tag","embeddable":true,"href":"https:\/\/ak2024.ntalk.dev\/en\/wp-json\/wp\/v2\/tags?post=2185"},{"taxonomy":"pravni-oblast","embeddable":true,"href":"https:\/\/ak2024.ntalk.dev\/en\/wp-json\/wp\/v2\/pravni-oblast?post=2185"}],"curies":[{"name":"wp","href":"https:\/\/api.w.org\/{rel}","templated":true}]}}